{"id":460,"date":"2023-06-20T15:57:50","date_gmt":"2023-06-20T15:57:50","guid":{"rendered":"https:\/\/vsow.eu\/?p=460"},"modified":"2024-12-02T11:34:40","modified_gmt":"2024-12-02T11:34:40","slug":"rainald-grebe-konzert-in-berlin-steht-unter-dem-motto-wald","status":"publish","type":"post","link":"https:\/\/vsow.eu\/de\/rainald-grebe-konzert-in-berlin-steht-unter-dem-motto-wald\/","title":{"rendered":"Rainald Grebe Konzert in Berlin steht unter dem Motto \u201eWald\u201c"},"content":{"rendered":"<div data-elementor-type=\"wp-post\" data-elementor-id=\"460\" class=\"elementor elementor-460\" data-elementor-settings=\"[]\">\n\t\t\t\t\t\t\t<div class=\"elementor-section-wrap\">\n\t\t\t\t\t\t\t<section class=\"elementor-section elementor-top-section elementor-element elementor-element-11ee8e75 elementor-section-boxed elementor-section-height-default elementor-section-height-default\" data-id=\"11ee8e75\" data-element_type=\"section\">\n\t\t\t\t\t\t<div class=\"elementor-container elementor-column-gap-default\">\n\t\t\t\t\t<div class=\"elementor-column elementor-col-100 elementor-top-column elementor-element elementor-element-7586c37f\" data-id=\"7586c37f\" data-element_type=\"column\">\n\t\t\t<div class=\"elementor-widget-wrap elementor-element-populated\">\n\t\t\t\t\t\t\t\t<div class=\"elementor-element elementor-element-71cb231c elementor-widget elementor-widget-text-editor\" data-id=\"71cb231c\" data-element_type=\"widget\" data-widget_type=\"text-editor.default\">\n\t\t\t\t<div class=\"elementor-widget-container\">\n\t\t\t\t\t\t\t<p><!-- wp:paragraph --><\/p>\n<p>\u201eHalleluja Berlin \u2013 Das Konzertspektakel\u201c am 29.07.2023 in der Waldb\u00fchne.<\/p>\n<p><!-- \/wp:paragraph --><\/p>\t\t\t\t\t\t<\/div>\n\t\t\t\t<\/div>\n\t\t\t\t\t<\/div>\n\t\t<\/div>\n\t\t\t\t\t\t\t<\/div>\n\t\t<\/section>\n\t\t\t\t<section class=\"elementor-section elementor-top-section elementor-element elementor-element-8bba22b elementor-section-boxed elementor-section-height-default elementor-section-height-default\" data-id=\"8bba22b\" data-element_type=\"section\">\n\t\t\t\t\t\t<div class=\"elementor-container elementor-column-gap-default\">\n\t\t\t\t\t<div class=\"elementor-column elementor-col-100 elementor-top-column elementor-element elementor-element-cc1ae09\" data-id=\"cc1ae09\" data-element_type=\"column\">\n\t\t\t<div class=\"elementor-widget-wrap elementor-element-populated\">\n\t\t\t\t\t\t\t\t<div class=\"elementor-element elementor-element-fbf0ed9 elementor-widget elementor-widget-image\" data-id=\"fbf0ed9\" data-element_type=\"widget\" data-widget_type=\"image.default\">\n\t\t\t\t<div class=\"elementor-widget-container\">\n\t\t\t\t\t\t\t\t\t\t\t\t\t\t\t<img loading=\"lazy\" decoding=\"async\" width=\"768\" height=\"437\" src=\"https:\/\/vsow.eu\/wp-content\/uploads\/2023\/06\/Rainald-Grebe-am-29.-Juli-2023-in-der-Waldbuhne-Berlin-768x437.png\" class=\"attachment-medium_large size-medium_large\" alt=\"\" srcset=\"https:\/\/vsow.eu\/wp-content\/uploads\/2023\/06\/Rainald-Grebe-am-29.-Juli-2023-in-der-Waldbuhne-Berlin-768x437.png 768w, https:\/\/vsow.eu\/wp-content\/uploads\/2023\/06\/Rainald-Grebe-am-29.-Juli-2023-in-der-Waldbuhne-Berlin-300x171.png 300w, https:\/\/vsow.eu\/wp-content\/uploads\/2023\/06\/Rainald-Grebe-am-29.-Juli-2023-in-der-Waldbuhne-Berlin-1024x583.png 1024w, https:\/\/vsow.eu\/wp-content\/uploads\/2023\/06\/Rainald-Grebe-am-29.-Juli-2023-in-der-Waldbuhne-Berlin-1536x874.png 1536w, https:\/\/vsow.eu\/wp-content\/uploads\/2023\/06\/Rainald-Grebe-am-29.-Juli-2023-in-der-Waldbuhne-Berlin-18x10.png 18w, https:\/\/vsow.eu\/wp-content\/uploads\/2023\/06\/Rainald-Grebe-am-29.-Juli-2023-in-der-Waldbuhne-Berlin.png 1760w\" sizes=\"auto, (max-width: 768px) 100vw, 768px\" \/>\t\t\t\t\t\t\t\t\t\t\t\t\t\t\t<\/div>\n\t\t\t\t<\/div>\n\t\t\t\t\t<\/div>\n\t\t<\/div>\n\t\t\t\t\t\t\t<\/div>\n\t\t<\/section>\n\t\t\t\t<section class=\"elementor-section elementor-top-section elementor-element elementor-element-352aba2 elementor-section-boxed elementor-section-height-default elementor-section-height-default\" data-id=\"352aba2\" data-element_type=\"section\">\n\t\t\t\t\t\t<div class=\"elementor-container elementor-column-gap-default\">\n\t\t\t\t\t<div class=\"elementor-column elementor-col-100 elementor-top-column elementor-element elementor-element-0deecf4\" data-id=\"0deecf4\" data-element_type=\"column\">\n\t\t\t<div class=\"elementor-widget-wrap elementor-element-populated\">\n\t\t\t\t\t\t\t\t<div class=\"elementor-element elementor-element-e24a3ab elementor-widget elementor-widget-text-editor\" data-id=\"e24a3ab\" data-element_type=\"widget\" data-widget_type=\"text-editor.default\">\n\t\t\t\t<div class=\"elementor-widget-container\">\n\t\t\t\t\t\t\t<p>Endlich wird das lang erwartete Geburtstagskonzert von Rainald Grebe, pandemiebedingt mit 2 Jahren Versp\u00e4tung, in der Berliner Waldb\u00fchne stattfinden. <br \/>Das Ganze steht auch unter dem Motto \u201eWald\u201c. Es wird Geld gesammelt f\u00fcr unser Mischwaldprojekt in Bugk, Brandenburg. Bereits im letzten Jahr haben wir zusammen mit 30 Freiwillligen und Grebe-Fans gepflanzt. Der zust\u00e4ndige F\u00f6rster kommt auch zum Konzert mit dem Jagdblasensemble K\u00f6llnitz und bl\u00e4st zum Halali. Und Grebe Lieder wird es in H\u00fclle und F\u00fclle geben. Diese stehen im Zentrum des Spektakels, und werden in neuen Klanggew\u00e4ndern pr\u00e4sentiert. Da sind einige: Der Pr\u00e4sident, Familie Gold,Th\u00fcringen, Brandenburg&#8230; Um dessen Naturverj\u00fcngung geht es in unserem joint adventure, das dieses Jahr in die zweite Runde geht. Was vom Waldb\u00fchnenspektakel bleiben wird?<br \/>Die Erinnerung an einen w\u00fcsten Abend und Das Mischwaldprojekt!<br \/>Seit 2020 werden daf\u00fcr Spenden gesammelt, um zwei Waldfl\u00e4chen in Bugk, unweit von K\u00f6nigs-Wusterhausen, aufzuforsten. Zwei olle Kiefernw\u00e4lder sollen in \u00f6kologisch wertvolle Mischw\u00e4lder umgewandelt werden. Um dieses Projekt umsetzen zu k\u00f6nnen, braucht es Geld. 1 Euro von jedem gekauften Ticket f\u00fcr das Waldb\u00fchnenkonzert flie\u00dft als Spende in das Budget. Dar\u00fcber hinaus hat jede\/r die M\u00f6glichkeit, \u00fcber <a href=\"http:\/\/www.betterplace.org\/de\/projects\/84393\">www.betterplace.org\/de\/projects\/84393<\/a> gezielt zu spenden. In den vergangenen 3 Jahren kamen mehr als 8.000 EUR nur \u00fcber <a href=\"http:\/\/betterplace.org\">betterplace.org<\/a> zusammen. Davon wurde bereits eine Aktion finanziert: Ein bereits eingez\u00e4untes Waldst\u00fcck wurde mit jungen Laubb\u00e4umen bepflanzt. Auf dem zweiten Grundst\u00fcck wird aktuell gearbeitet: Ein \u00e4lterer Kiefernbestand wird herausgeholt. Bis auf einzelne Kiefern, die als Schutzschirm gegen die Sonne dienen, unter der sich die neuen Pflanzen dann gut entwickeln k\u00f6nnen. Um das Mischwaldprojekt professionell umzusetzen, hat Rainald Grebe sich Hilfe geholt. Zun\u00e4chst vom Berliner Verein f\u00fcr Sozial-\u00d6kologischen Wandel e.V. Dieser begleitet das Projekt federf\u00fchrend in Zusammenarbeit mit dem Bergwaldprojekt e.V.. Die Organisator*innen k\u00fcmmern sich um den Schutz, den Erhalt und die Pflege des Waldes, sowie die F\u00f6rderung des Verst\u00e4ndnisses f\u00fcr die Zusammenh\u00e4nge in der Natur, die Belange des Waldes und die Ah\u00e4ngigkeit des Menschen von diesen Lebensgrundlagen. Und immer unterst\u00fctzend auch vor Ort dabei: Peter Schwarz, Forstoberinspektor im Revier Storkow, der euphorisch und gl\u00fccklich das Wachstum der Neuanpflanzungen von Laubb\u00e4umen auf dem ersten Waldgrundst\u00fcck kommentiert: \u201eDa tut sich was!\u201c <span dir=\"ltr\" style=\"left: 165.04px; top: 913.563px; font-size: 18.4px; font-family: sans-serif; transform: scaleX(0.996972);\" role=\"presentation\">Halali und Halleluja!<\/span><br role=\"presentation\" \/><b><span dir=\"ltr\" style=\"left: 118.04px; top: 968.163px; font-size: 18.4px; font-family: sans-serif; transform: scaleX(1.02342);\" role=\"presentation\">Rainald Grebe<\/span> <span dir=\"ltr\" style=\"left: 230.033px; top: 968.163px; font-size: 18.4px; font-family: sans-serif;\" role=\"presentation\">&#8211;<\/span> <span dir=\"ltr\" style=\"left: 239.833px; top: 968.163px; font-size: 18.4px; font-family: sans-serif; transform: scaleX(1.02836);\" role=\"presentation\">\u201eHalleluja Berlin<\/span> <span dir=\"ltr\" style=\"left: 368.083px; top: 968.163px; font-size: 18.4px; font-family: sans-serif;\" role=\"presentation\">\u2013<\/span> <span dir=\"ltr\" style=\"left: 381.283px; top: 968.163px; font-size: 18.4px; font-family: sans-serif; transform: scaleX(1.03202);\" role=\"presentation\">Das Konzertspektakel\u201c<\/span><\/b><br role=\"presentation\" \/><span dir=\"ltr\" style=\"left: 118.04px; top: 990.563px; font-size: 18.4px; font-family: sans-serif; transform: scaleX(0.996501);\" role=\"presentation\">Samstag, 29.07.2023<\/span> <span dir=\"ltr\" style=\"left: 277.233px; top: 990.563px; font-size: 18.4px; font-family: sans-serif; transform: scaleX(0.999873);\" role=\"presentation\">in der Waldb\u00fchne Berlin.<\/span> <span dir=\"ltr\" style=\"left: 467.683px; top: 990.563px; font-size: 18.4px; font-family: sans-serif; transform: scaleX(0.99486);\" role=\"presentation\">Einlass: ab 17:00 Uhr \/ Beginn: 19:00 Uhr<\/span><br role=\"presentation\" \/><span dir=\"ltr\" style=\"left: 118.04px; top: 1035.36px; font-size: 18.4px; font-family: sans-serif; transform: scaleX(1.00229);\" role=\"presentation\">pr\u00e4sentiert von radioeins vom rbb, Tagesspiegel, tip Berlin und visitBerlin<\/span><br role=\"presentation\" \/><span dir=\"ltr\" style=\"left: 118.04px; top: 1080.16px; font-size: 18.4px; font-family: sans-serif; transform: scaleX(1.01007);\" role=\"presentation\">Tickets:<\/span> <a href=\"http:\/\/www.d2mberlin.de\"><span dir=\"ltr\" style=\"left: 354.083px; top: 1080.16px; font-size: 18.4px; font-family: sans-serif; transform: scaleX(1.00279);\" role=\"presentation\">www.d2mberlin.de<\/span><\/a> <span dir=\"ltr\" style=\"left: 506.483px; top: 1080.16px; font-size: 18.4px; font-family: sans-serif; transform: scaleX(0.995122);\" role=\"presentation\">\/ 030<\/span> <span dir=\"ltr\" style=\"left: 549.717px; top: 1080.16px; font-size: 18.4px; font-family: sans-serif;\" role=\"presentation\">\u2013<\/span> <span dir=\"ltr\" style=\"left: 563.117px; top: 1080.16px; font-size: 18.4px; font-family: sans-serif; transform: scaleX(0.994);\" role=\"presentation\">755 492 560 \/<\/span> <a href=\"http:\/\/www.eventim.de\"><span dir=\"ltr\" style=\"left: 670.317px; top: 1080.16px; font-size: 18.4px; font-family: sans-serif; transform: scaleX(1.00832);\" role=\"presentation\">www.eventim.de<\/span><\/a><br role=\"presentation\" \/><span dir=\"ltr\" style=\"left: 118.04px; top: 1102.61px; font-size: 18.4px; font-family: sans-serif; transform: scaleX(1.00685);\" role=\"presentation\">Weitere Informationen:<\/span> <a href=\"http:\/\/www.rainald-grebe.de\/buehne\/halleluja-berlin-waldbuehne-2021\/\"><span dir=\"ltr\" style=\"left: 354.083px; top: 1102.61px; font-size: 18.4px; font-family: sans-serif; transform: scaleX(1.01348);\" role=\"presentation\">www.rainald<\/span><span dir=\"ltr\" style=\"left: 449.883px; top: 1102.61px; font-size: 18.4px; font-family: sans-serif;\" role=\"presentation\">&#8211;<\/span><span dir=\"ltr\" style=\"left: 455.483px; top: 1102.61px; font-size: 18.4px; font-family: sans-serif; transform: scaleX(0.997013);\" role=\"presentation\">grebe.de\/buehne\/halleluja<\/span><span dir=\"ltr\" style=\"left: 655.717px; top: 1102.61px; font-size: 18.4px; font-family: sans-serif;\" role=\"presentation\">&#8211;<\/span><span dir=\"ltr\" style=\"left: 661.317px; top: 1102.61px; font-size: 18.4px; font-family: sans-serif; transform: scaleX(0.999545);\" role=\"presentation\">berlin<\/span><span dir=\"ltr\" style=\"left: 704.517px; top: 1102.61px; font-size: 18.4px; font-family: sans-serif;\" role=\"presentation\">&#8211;<\/span><span dir=\"ltr\" style=\"left: 710.117px; top: 1102.61px; font-size: 18.4px; font-family: sans-serif; transform: scaleX(0.996777);\" role=\"presentation\">waldbuehne<\/span><span dir=\"ltr\" style=\"left: 802.567px; top: 1102.61px; font-size: 18.4px; font-family: sans-serif;\" role=\"presentation\">&#8211;<\/span><span dir=\"ltr\" style=\"left: 808.167px; top: 1102.61px; font-size: 18.4px; font-family: sans-serif; transform: scaleX(0.995773);\" role=\"presentation\">2021\/<\/span><\/a><br role=\"presentation\" \/><span dir=\"ltr\" style=\"left: 354.083px; top: 1125.01px; font-size: 18.4px; font-family: sans-serif; transform: scaleX(1.001);\" role=\"presentation\"><a href=\"http:\/\/www.betterplace.org\/de\/projects\/84393\">www.betterplace.org\/de\/projects\/84393<\/a><\/span><\/p>\n<p>\u00a0<\/p>\t\t\t\t\t\t<\/div>\n\t\t\t\t<\/div>\n\t\t\t\t\t<\/div>\n\t\t<\/div>\n\t\t\t\t\t\t\t<\/div>\n\t\t<\/section>\n\t\t\t\t\t\t<\/div>\n\t\t\t\t\t<\/div>","protected":false},"excerpt":{"rendered":"<p>\u201eHalleluja Berlin \u2013 Das Konzertspektakel\u201c am 29.07.2023 in der Waldb\u00fchne. Endlich wird das lang erwartete Geburtstagskonzert von Rainald Grebe, pandemiebedingt mit 2 Jahren Versp\u00e4tung, in der Berliner Waldb\u00fchne stattfinden. Das Ganze steht auch unter dem Motto \u201eWald\u201c. Es wird Geld gesammelt f\u00fcr unser Mischwaldprojekt in Bugk, Brandenburg. Bereits im letzten Jahr haben wir zusammen mit 30 Freiwillligen und Grebe-Fans gepflanzt. Der zust\u00e4ndige F\u00f6rster kommt auch zum Konzert mit dem Jagdblasensemble K\u00f6llnitz und bl\u00e4st zum Halali. Und Grebe Lieder wird es in H\u00fclle und F\u00fclle geben. Diese stehen im Zentrum des Spektakels, und werden in neuen Klanggew\u00e4ndern pr\u00e4sentiert. Da sind einige:&hellip;<\/p>\n<p> <a class=\"more-link\" href=\"https:\/\/vsow.eu\/de\/rainald-grebe-konzert-in-berlin-steht-unter-dem-motto-wald\/\">Read more<\/a><\/p>","protected":false},"author":1,"featured_media":485,"comment_status":"closed","ping_status":"closed","sticky":true,"template":"","format":"standard","meta":{"footnotes":""},"categories":[5],"tags":[18,19,17,20,22,21,23],"class_list":{"0":"post-460","1":"post","2":"type-post","3":"status-publish","4":"format-standard","5":"has-post-thumbnail","7":"category-forests","8":"tag-berlin","9":"tag-bugk","10":"tag-concert","11":"tag-forest","12":"tag-rainald-grebe","13":"tag-wald","14":"tag-waldbuhne"},"_links":{"self":[{"href":"https:\/\/vsow.eu\/de\/wp-json\/wp\/v2\/posts\/460","targetHints":{"allow":["GET"]}}],"collection":[{"href":"https:\/\/vsow.eu\/de\/wp-json\/wp\/v2\/posts"}],"about":[{"href":"https:\/\/vsow.eu\/de\/wp-json\/wp\/v2\/types\/post"}],"author":[{"embeddable":true,"href":"https:\/\/vsow.eu\/de\/wp-json\/wp\/v2\/users\/1"}],"replies":[{"embeddable":true,"href":"https:\/\/vsow.eu\/de\/wp-json\/wp\/v2\/comments?post=460"}],"version-history":[{"count":23,"href":"https:\/\/vsow.eu\/de\/wp-json\/wp\/v2\/posts\/460\/revisions"}],"predecessor-version":[{"id":488,"href":"https:\/\/vsow.eu\/de\/wp-json\/wp\/v2\/posts\/460\/revisions\/488"}],"wp:featuredmedia":[{"embeddable":true,"href":"https:\/\/vsow.eu\/de\/wp-json\/wp\/v2\/media\/485"}],"wp:attachment":[{"href":"https:\/\/vsow.eu\/de\/wp-json\/wp\/v2\/media?parent=460"}],"wp:term":[{"taxonomy":"category","embeddable":true,"href":"https:\/\/vsow.eu\/de\/wp-json\/wp\/v2\/categories?post=460"},{"taxonomy":"post_tag","embeddable":true,"href":"https:\/\/vsow.eu\/de\/wp-json\/wp\/v2\/tags?post=460"}],"curies":[{"name":"wp","href":"https:\/\/api.w.org\/{rel}","templated":true}]}}