{"id":181,"date":"2021-08-09T15:33:03","date_gmt":"2021-08-09T15:33:03","guid":{"rendered":"https:\/\/matiasbrunacci.com\/wordpress\/?p=181"},"modified":"2021-08-11T13:43:31","modified_gmt":"2021-08-11T13:43:31","slug":"lets-plant-trees","status":"publish","type":"post","link":"https:\/\/vsow.eu\/de\/lets-plant-trees\/","title":{"rendered":"Lasst uns B\u00e4ume pflanzen!"},"content":{"rendered":"<div data-elementor-type=\"wp-post\" data-elementor-id=\"181\" class=\"elementor elementor-181\" data-elementor-settings=\"[]\">\n\t\t\t\t\t\t\t<div class=\"elementor-section-wrap\">\n\t\t\t\t\t\t\t<section class=\"elementor-section elementor-top-section elementor-element elementor-element-ce6cf70 elementor-section-boxed elementor-section-height-default elementor-section-height-default\" data-id=\"ce6cf70\" data-element_type=\"section\">\n\t\t\t\t\t\t<div class=\"elementor-container elementor-column-gap-default\">\n\t\t\t\t\t<div class=\"elementor-column elementor-col-100 elementor-top-column elementor-element elementor-element-16b5a97\" data-id=\"16b5a97\" data-element_type=\"column\">\n\t\t\t<div class=\"elementor-widget-wrap elementor-element-populated\">\n\t\t\t\t\t\t\t\t<div class=\"elementor-element elementor-element-d17b161 elementor-widget elementor-widget-image\" data-id=\"d17b161\" data-element_type=\"widget\" data-widget_type=\"image.default\">\n\t\t\t\t<div class=\"elementor-widget-container\">\n\t\t\t\t\t\t\t\t\t\t\t\t\t\t\t<img loading=\"lazy\" decoding=\"async\" width=\"600\" height=\"900\" src=\"https:\/\/vsow.eu\/wp-content\/uploads\/2021\/08\/Grebebetterplace.jpg\" class=\"attachment-large size-large\" alt=\"\" srcset=\"https:\/\/vsow.eu\/wp-content\/uploads\/2021\/08\/Grebebetterplace.jpg 600w, https:\/\/vsow.eu\/wp-content\/uploads\/2021\/08\/Grebebetterplace-200x300.jpg 200w\" sizes=\"auto, (max-width: 600px) 100vw, 600px\" \/>\t\t\t\t\t\t\t\t\t\t\t\t\t\t\t<\/div>\n\t\t\t\t<\/div>\n\t\t\t\t\t<\/div>\n\t\t<\/div>\n\t\t\t\t\t\t\t<\/div>\n\t\t<\/section>\n\t\t\t\t<section class=\"elementor-section elementor-top-section elementor-element elementor-element-644f4b5f elementor-section-boxed elementor-section-height-default elementor-section-height-default\" data-id=\"644f4b5f\" data-element_type=\"section\">\n\t\t\t\t\t\t<div class=\"elementor-container elementor-column-gap-default\">\n\t\t\t\t\t<div class=\"elementor-column elementor-col-100 elementor-top-column elementor-element elementor-element-559ff54\" data-id=\"559ff54\" data-element_type=\"column\">\n\t\t\t<div class=\"elementor-widget-wrap elementor-element-populated\">\n\t\t\t\t\t\t\t\t<div class=\"elementor-element elementor-element-71c8f2e0 elementor-widget elementor-widget-text-editor\" data-id=\"71c8f2e0\" data-element_type=\"widget\" data-widget_type=\"text-editor.default\">\n\t\t\t\t<div class=\"elementor-widget-container\">\n\t\t\t\t\t\t\t<!-- wp:paragraph -->\n<p>Unter dem Motto haben wir uns mit dem Musiker, Kabarettist und Regisseur Rainald Grebe f\u00fcr eine Baumpflanzaktion auf dem von uns zum Zweck der Renaturierung betreuten Waldgrundst\u00fcck in Bugk (Brandenburg) zusammen getan. Anl\u00e4sslich seines <a href=\"https:\/\/www.waldbuehne-berlin.de\/event\/rainald_grebe_2021-07-31_19\/\" target=\"_blank\" rel=\"noreferrer noopener\"><strong>Konzertes in der Berliner Waldb\u00fchne am 31.07.2021<\/strong><\/a>,hat Rainald Grebe eine <a href=\"https:\/\/www.betterplace.org\/de\/projects\/84393-ein-neuer-wald-fuer-brandenburg-rainald-grebe-ruft-auf-zur-spendenaktion\" target=\"_blank\" rel=\"noreferrer noopener\"><strong>Spendenaktion<\/strong><\/a> gestartet, um unter unserer Schirmherrschaft und in Kooperation mit dem <a href=\"https:\/\/www.bergwaldprojekt.de\/\" target=\"_blank\" rel=\"noreferrer noopener\"><strong>Bergwaldprojekt e.V. B\u00e4ume im Bugker Wald zu pflanzen.<\/strong><\/a><\/p>\n<!-- \/wp:paragraph -->\n<p>\u00a0<\/p>\n<!-- wp:paragraph -->\n<p>Unter der Betreuung von F\u00f6rster Peter Schwarz werden wir im Herbst 2021 Laubb\u00e4ume pflanzen, die sehr positive Auswirkungen auf die Bodenqualit\u00e4t und den CO2-Ausgleich haben und in einer von Monokulturen dominierten Brandenburger Kiefern-Waldlandschaft dringend n\u00f6tig sind.<\/p>\n<!-- \/wp:paragraph -->\n<p>\u00a0<\/p>\n<!-- wp:paragraph -->\n<p>1500 B\u00e4ume werden gebraucht, um unsere zu bepflanzen. Diese kommen von einer regionalen Baumschule. Es werden 2-j\u00e4hrige Setzlinge von Traubeneichen und Ebereschen sein, deren Kauf, Pflanzung und Pflege von den Spendengeldern finanziert werden.<\/p>\n<!-- \/wp:paragraph -->\n<p>\u00a0<\/p>\n<!-- wp:paragraph -->\n<p>Bereits 1\u20ac von jedem verkauften Ticket von Rainald Grebes Waldb\u00fchnenkonzert am 31.07.2021 (Infos unter <a href=\"https:\/\/www.rainald-grebe.de\/\" target=\"_blank\" rel=\"noreferrer noopener\"><strong>www.rainald-grebe.de<\/strong><\/a>) flie\u00dft als Spende in das Baumprojekt. Das wird aber nicht reichen. Darum bittet er um gezielte Spenden. Egal, wieviel Geld zusammenkommt \u2013 gepflanzt wird zusammen mit Rainald Grebe auf jeden Fall im Herbst 2021. Daf\u00fcr werden 50 freiwillige Helfer ben\u00f6tigt, die sich bei Interesse gerne daf\u00fcr anmelden k\u00f6nnen. <a href=\"https:\/\/rainald-grebe.de\/aktuelles\/baumpflanzaktion-in-brandenburg\" target=\"_blank\" rel=\"noreferrer noopener\"><strong>Infos dazu findet ihr hier. Falls es mehr werden sollten, wird das Los entscheiden, wer dabei sein kann<\/strong><\/a>.<\/p>\n<!-- \/wp:paragraph -->\t\t\t\t\t\t<\/div>\n\t\t\t\t<\/div>\n\t\t\t\t\t<\/div>\n\t\t<\/div>\n\t\t\t\t\t\t\t<\/div>\n\t\t<\/section>\n\t\t\t\t\t\t<\/div>\n\t\t\t\t\t<\/div>","protected":false},"excerpt":{"rendered":"<p>Unter dem Motto haben wir uns mit dem Musiker, Kabarettist und Regisseur Rainald Grebe f\u00fcr eine Baumpflanzaktion auf dem von uns zum Zweck der Renaturierung betreuten Waldgrundst\u00fcck in Bugk (Brandenburg) zusammen getan. Anl\u00e4sslich seines Konzertes in der Berliner Waldb\u00fchne am 31.07.2021 hat Rainald Grebe eine Spendenaktion gestartet, um unter unserer Schirmherrschaft und in Kooperation mit dem Bergwaldprojekt e.V. B\u00e4ume im Bugker Wald zu pflanzen.\n\nUnter der Betreuung von F\u00f6rster Peter Schwarz werden wir im Herbst 2021 Laubb\u00e4ume pflanzen, die sehr positive...<\/p>\n<p> <a class=\"more-link\" href=\"https:\/\/vsow.eu\/de\/lets-plant-trees\/\">Read more<\/a><\/p>","protected":false},"author":1,"featured_media":235,"comment_status":"closed","ping_status":"closed","sticky":false,"template":"","format":"standard","meta":{"footnotes":""},"categories":[5],"tags":[],"class_list":{"0":"post-181","1":"post","2":"type-post","3":"status-publish","4":"format-standard","5":"has-post-thumbnail","7":"category-forests"},"_links":{"self":[{"href":"https:\/\/vsow.eu\/de\/wp-json\/wp\/v2\/posts\/181","targetHints":{"allow":["GET"]}}],"collection":[{"href":"https:\/\/vsow.eu\/de\/wp-json\/wp\/v2\/posts"}],"about":[{"href":"https:\/\/vsow.eu\/de\/wp-json\/wp\/v2\/types\/post"}],"author":[{"embeddable":true,"href":"https:\/\/vsow.eu\/de\/wp-json\/wp\/v2\/users\/1"}],"replies":[{"embeddable":true,"href":"https:\/\/vsow.eu\/de\/wp-json\/wp\/v2\/comments?post=181"}],"version-history":[{"count":11,"href":"https:\/\/vsow.eu\/de\/wp-json\/wp\/v2\/posts\/181\/revisions"}],"predecessor-version":[{"id":193,"href":"https:\/\/vsow.eu\/de\/wp-json\/wp\/v2\/posts\/181\/revisions\/193"}],"wp:featuredmedia":[{"embeddable":true,"href":"https:\/\/vsow.eu\/de\/wp-json\/wp\/v2\/media\/235"}],"wp:attachment":[{"href":"https:\/\/vsow.eu\/de\/wp-json\/wp\/v2\/media?parent=181"}],"wp:term":[{"taxonomy":"category","embeddable":true,"href":"https:\/\/vsow.eu\/de\/wp-json\/wp\/v2\/categories?post=181"},{"taxonomy":"post_tag","embeddable":true,"href":"https:\/\/vsow.eu\/de\/wp-json\/wp\/v2\/tags?post=181"}],"curies":[{"name":"wp","href":"https:\/\/api.w.org\/{rel}","templated":true}]}}